{"id":654,"date":"2020-09-19T11:01:41","date_gmt":"2020-09-19T10:01:41","guid":{"rendered":"http:\/\/www.canaljazz.com\/?p=654"},"modified":"2021-01-10T12:21:29","modified_gmt":"2021-01-10T11:21:29","slug":"saison-2020-2021","status":"publish","type":"post","link":"https:\/\/www.canaljazz.com\/?p=654","title":{"rendered":"Saison 2020 &#8211; 2021"},"content":{"rendered":"<p><span style=\"font-size: 18pt;\">Jeudi 5 octobre 18h30 Mus\u00e9e Joseph D\u00e9chelette, Roanne<\/span><\/p>\n<p><span style=\"font-size: 18pt;\"><strong>Happy Hour\u00a0: Elodie Pasquier solo.<\/strong><\/span><\/p>\n<p>Elodie Pasquier, clarinettiste et compositrice parmi les plus en vue de la sc\u00e8ne jazz fran\u00e7aise, d\u00e9ploiera en solo, toute la gr\u00e2ce et la force de son jeu. R\u00e9servation obligatoire. Buffet par le CFA du Roannais et d\u00e9gustation de vins de la C\u00f4te Roannaise.<\/p>\n<p><a href=\"http:\/\/www.canaljazz.com\/wp-content\/uploads\/2020\/09\/elodie-pasquier.jpg\"><img loading=\"lazy\" class=\"aligncenter size-full wp-image-659\" src=\"http:\/\/www.canaljazz.com\/wp-content\/uploads\/2020\/09\/elodie-pasquier.jpg\" alt=\"\" width=\"457\" height=\"686\" srcset=\"https:\/\/www.canaljazz.com\/wp-content\/uploads\/2020\/09\/elodie-pasquier.jpg 457w, https:\/\/www.canaljazz.com\/wp-content\/uploads\/2020\/09\/elodie-pasquier-200x300.jpg 200w, https:\/\/www.canaljazz.com\/wp-content\/uploads\/2020\/09\/elodie-pasquier-180x270.jpg 180w\" sizes=\"(max-width: 457px) 100vw, 457px\" \/><\/a><a href=\"https:\/\/leroannais.com\/noesit\/!\/fiche\/festival-roanne-table-ouverte-happy-hour-avec-elodie-pasquier-5626705\">https:\/\/leroannais.com\/<\/a><\/p>\n<p><span style=\"font-size: 18pt;\">Samedi 7 novembre 20h00 Th\u00e9\u00e2tre de Roanne<\/span><\/p>\n<p><strong><span style=\"font-size: 18pt;\">Jasper Hoiby\u2019s Planet B<\/span> <\/strong><\/p>\n<p>Depuis maintenant plus d\u2019une d\u00e9cennie, le contrebassiste Jasper H\u00f8iby a acquis une renomm\u00e9e mondiale gr\u00e2ce \u00e0 un son d\u2019une expressivit\u00e9 tr\u00e8s personnelle, une pr\u00e9sence sc\u00e9nique rare, et de remarquables talents de compositeur. Cette nouvelle aventure emm\u00e8ne le contrebassiste danois au del\u00e0 des barri\u00e8res stylistiques, dans des territoires o\u00f9 la chaleur du son acoustique se m\u00e9lange avec les ambiances sonores, les samples et les \u00ab loops \u00bb vertigineux. Jasper H\u00f8iby a pens\u00e9 Planet B comme un saut vers l\u2019inconnu dans lequel la musique improvis\u00e9e et compos\u00e9e interagit avec les voix sampl\u00e9es de grands penseurs du pass\u00e9 et du pr\u00e9sent cr\u00e9ant ainsi un dialogue sur des th\u00e8mes tels que l\u2019\u00e9cologie, le climat et l\u2019interconnectivit\u00e9 humaine.<\/p>\n<p>Premi\u00e8re partie\u00a0: Laura Perrudin electric solo<\/p>\n<p><a href=\"http:\/\/www.canaljazz.com\/wp-content\/uploads\/2020\/09\/JH-Planet-B-Credit-Dave-Stapleton-1607-scaled.jpg\"><img loading=\"lazy\" class=\"aligncenter size-full wp-image-656\" src=\"http:\/\/www.canaljazz.com\/wp-content\/uploads\/2020\/09\/JH-Planet-B-Credit-Dave-Stapleton-1607-scaled.jpg\" alt=\"\" width=\"2560\" height=\"1707\" srcset=\"https:\/\/www.canaljazz.com\/wp-content\/uploads\/2020\/09\/JH-Planet-B-Credit-Dave-Stapleton-1607-scaled.jpg 2560w, https:\/\/www.canaljazz.com\/wp-content\/uploads\/2020\/09\/JH-Planet-B-Credit-Dave-Stapleton-1607-300x200.jpg 300w, https:\/\/www.canaljazz.com\/wp-content\/uploads\/2020\/09\/JH-Planet-B-Credit-Dave-Stapleton-1607-1024x683.jpg 1024w, https:\/\/www.canaljazz.com\/wp-content\/uploads\/2020\/09\/JH-Planet-B-Credit-Dave-Stapleton-1607-768x512.jpg 768w, https:\/\/www.canaljazz.com\/wp-content\/uploads\/2020\/09\/JH-Planet-B-Credit-Dave-Stapleton-1607-1536x1024.jpg 1536w, https:\/\/www.canaljazz.com\/wp-content\/uploads\/2020\/09\/JH-Planet-B-Credit-Dave-Stapleton-1607-2048x1365.jpg 2048w, https:\/\/www.canaljazz.com\/wp-content\/uploads\/2020\/09\/JH-Planet-B-Credit-Dave-Stapleton-1607-405x270.jpg 405w\" sizes=\"(max-width: 2560px) 100vw, 2560px\" \/><\/a><\/p>\n<p><a href=\"http:\/\/www.theatrederoanne.fr\/la-saison-20-21\/tous-les-spectacles-de-la-saison-705\/2020\/11\/7\/jasper-hoiby-s-planet-b-10029.html?cHash=9bbc34f0743a996ce7d3b838f13e981f\">http:\/\/www.theatrederoanne.fr<\/a><\/p>\n<p><span style=\"font-size: 18pt;\">Vendredi 27novembre 20h30 Salle Pierre H\u00e9non, Mably<\/span><\/p>\n<p><span style=\"font-size: 18pt;\"><strong>C\u00e9lia Forestier , Komorebi<\/strong><\/span><\/p>\n<p>C\u00e9lia Forestier a imagin\u00e9 \u00ab Komorebi \u00bb\u00a0comme une musique lumineuse, empreinte de libert\u00e9,\u00a0de po\u00e9sie et install\u00e9e dans son temps.\u00a0Centr\u00e9 sur des arrangements pour cordes cisel\u00e9s\u00a0et une batterie tellurique, le groupe\u00a0forme un v\u00e9ritable \u00e9crin pour la voix.<\/p>\n<p>Le 5et emprunte ses sonorit\u00e9s au jazz,\u00a0mais aussi \u00e0 la musique de chambre, la pop\u00a0et la musique improvis\u00e9e.\u00a0Il propose une identit\u00e9 forte, riche et simple \u00e0 la fois, intimiste mais puissante, organique et figurative.<\/p>\n<p>Une musique aux multiples facettes\u00a0\u00e0 la recherche de climats\u00a0au travers d\u2019association de timbres,\u00a0de cassures rythmiques et harmoniques\u00a0et d\u2019improvisations collectives.<\/p>\n<p><a href=\"http:\/\/www.canaljazz.com\/wp-content\/uploads\/2020\/09\/komorebi.jpg\"><img loading=\"lazy\" class=\"aligncenter size-full wp-image-657\" src=\"http:\/\/www.canaljazz.com\/wp-content\/uploads\/2020\/09\/komorebi.jpg\" alt=\"\" width=\"983\" height=\"314\" srcset=\"https:\/\/www.canaljazz.com\/wp-content\/uploads\/2020\/09\/komorebi.jpg 983w, https:\/\/www.canaljazz.com\/wp-content\/uploads\/2020\/09\/komorebi-300x96.jpg 300w, https:\/\/www.canaljazz.com\/wp-content\/uploads\/2020\/09\/komorebi-768x245.jpg 768w, https:\/\/www.canaljazz.com\/wp-content\/uploads\/2020\/09\/komorebi-604x193.jpg 604w\" sizes=\"(max-width: 983px) 100vw, 983px\" \/><\/a><\/p>\n<p><a href=\"http:\/\/www.ville-mably.fr\/fr\/information\/90301\/saison-culturelle-sept-2020-juin-2021\">http:\/\/www.ville-mably.fr\/fr\/information\/90301\/saison-culturelle-sept-2020-juin-2021<\/a><\/p>\n<p><span style=\"font-size: 18pt;\">Samedi 23 janvier 2021 20h30 Th\u00e9\u00e2tre de Roanne\u00a0 <span style=\"background-color: #ffff00; font-size: 24pt;\">Annul\u00e9<\/span><br \/>\n<\/span><\/p>\n<p><span style=\"font-size: 18pt;\"><strong>Un Poco Loco, Ornithologie, Hommage \u00e0 Charlie Parker<\/strong><\/span><\/p>\n<p>Fidel Fourneyron, \u00ab artiste qui monte de l\u2019ann\u00e9e 2019 \u00bb aux Victoires du Jazz a fond\u00e9 le trio Un Poco Loco en 2014. Il rend hommage \u00e0 Charlie Parker, mais loin de la nostalgie, ces trois improvisateurs vous invitent plut\u00f4t\u00a0\u00e0 entendre leur r\u00e9appropriation cr\u00e9ative et actuelle d\u2019une musique qui les a toujours passionn\u00e9s, souhaitant ainsi\u00a0en raviver la folie furieuse. Un Poco Loco, c\u2019est un travail d\u2019orf\u00e8vre sur l\u2019orchestration et la narration, une complicit\u00e9 rare dans l\u2019improvisation, des th\u00e8mes soigneusement choisis et abord\u00e9s d\u2019un angle de vue inattendu ; enfin une musique jou\u00e9e avec sinc\u00e9rit\u00e9 et simplicit\u00e9.<\/p>\n<p><a href=\"http:\/\/www.canaljazz.com\/wp-content\/uploads\/2020\/09\/UPLOrnithologieHDcSimonLambert2-scaled.jpg\"><img loading=\"lazy\" class=\"size-full wp-image-658\" src=\"http:\/\/www.canaljazz.com\/wp-content\/uploads\/2020\/09\/UPLOrnithologieHDcSimonLambert2-scaled.jpg\" alt=\"\" width=\"2560\" height=\"1707\" srcset=\"https:\/\/www.canaljazz.com\/wp-content\/uploads\/2020\/09\/UPLOrnithologieHDcSimonLambert2-scaled.jpg 2560w, https:\/\/www.canaljazz.com\/wp-content\/uploads\/2020\/09\/UPLOrnithologieHDcSimonLambert2-300x200.jpg 300w, https:\/\/www.canaljazz.com\/wp-content\/uploads\/2020\/09\/UPLOrnithologieHDcSimonLambert2-1024x683.jpg 1024w, https:\/\/www.canaljazz.com\/wp-content\/uploads\/2020\/09\/UPLOrnithologieHDcSimonLambert2-768x512.jpg 768w, https:\/\/www.canaljazz.com\/wp-content\/uploads\/2020\/09\/UPLOrnithologieHDcSimonLambert2-1536x1024.jpg 1536w, https:\/\/www.canaljazz.com\/wp-content\/uploads\/2020\/09\/UPLOrnithologieHDcSimonLambert2-2048x1365.jpg 2048w, https:\/\/www.canaljazz.com\/wp-content\/uploads\/2020\/09\/UPLOrnithologieHDcSimonLambert2-405x270.jpg 405w\" sizes=\"(max-width: 2560px) 100vw, 2560px\" \/><\/a><br \/>\n<a href=\"http:\/\/www.theatrederoanne.fr\/la-saison-20-21\/tous-les-spectacles-de-la-saison-705\/2021\/1\/23\/un-poco-loco-10030.html?cHash=b1662e9dcda200550c1f0f23eeb0f9c5\">http:\/\/www.theatrederoanne.fr<\/a><\/p>\n<p><span style=\"font-size: 18pt;\">Samedi 13 mars 20h30 th\u00e9\u00e2tre de Roanne<\/span><\/p>\n<p><span style=\"font-size: 18pt;\"><strong>Baabox<\/strong><\/span><\/p>\n<p>R\u00e9v\u00e9lation de la sc\u00e8ne vocale fran\u00e7aise, Leila Martial est un enchantement\u00a0! Avec ses deux partenaires multi-instrumentistes, elle conjuge toutes les langues d\u2019une musique multidirectionnelle, fond\u00e9e dans le groove et puisant sa fraicheur dans l\u2019improvisation.<\/p>\n<p><em><a href=\"http:\/\/www.canaljazz.com\/wp-content\/uploads\/2020\/09\/I_02HD_format-A-paysage-scaled.jpg\"><img loading=\"lazy\" class=\"aligncenter size-full wp-image-655\" src=\"http:\/\/www.canaljazz.com\/wp-content\/uploads\/2020\/09\/I_02HD_format-A-paysage-scaled.jpg\" alt=\"\" width=\"2560\" height=\"1810\" srcset=\"https:\/\/www.canaljazz.com\/wp-content\/uploads\/2020\/09\/I_02HD_format-A-paysage-scaled.jpg 2560w, https:\/\/www.canaljazz.com\/wp-content\/uploads\/2020\/09\/I_02HD_format-A-paysage-300x212.jpg 300w, https:\/\/www.canaljazz.com\/wp-content\/uploads\/2020\/09\/I_02HD_format-A-paysage-1024x724.jpg 1024w, https:\/\/www.canaljazz.com\/wp-content\/uploads\/2020\/09\/I_02HD_format-A-paysage-768x543.jpg 768w, https:\/\/www.canaljazz.com\/wp-content\/uploads\/2020\/09\/I_02HD_format-A-paysage-1536x1086.jpg 1536w, https:\/\/www.canaljazz.com\/wp-content\/uploads\/2020\/09\/I_02HD_format-A-paysage-2048x1448.jpg 2048w, https:\/\/www.canaljazz.com\/wp-content\/uploads\/2020\/09\/I_02HD_format-A-paysage-382x270.jpg 382w\" sizes=\"(max-width: 2560px) 100vw, 2560px\" \/><\/a><\/em><a href=\"http:\/\/www.theatrederoanne.fr\/la-saison-20-21\/tous-les-spectacles-de-la-saison-705\/2021\/3\/13\/leila-martial-baa-box-10031.html?cHash=ad7d5d8c843c4b16b886138836d39413\">http:\/\/www.theatrederoanne.fr<\/a><\/p>\n<p>&nbsp;<\/p>\n","protected":false},"excerpt":{"rendered":"<p>Jeudi 5 octobre 18h30 Mus\u00e9e Joseph D\u00e9chelette, Roanne Happy Hour\u00a0: Elodie Pasquier solo. Elodie Pasquier, clarinettiste et compositrice parmi les plus en vue de la sc\u00e8ne jazz fran\u00e7aise, d\u00e9ploiera en solo, toute la gr\u00e2ce et la force de son jeu. R\u00e9servation obligatoire. Buffet par le CFA du Roannais et d\u00e9gustation de vins de la C\u00f4te Roannaise. https:\/\/leroannais.com\/ Samedi 7 novembre 20h00 Th\u00e9\u00e2tre de Roanne Jasper Hoiby\u2019s Planet B Depuis maintenant plus d\u2019une d\u00e9cennie, le contrebassiste Jasper H\u00f8iby a acquis une&#8230;<\/p>\n<p class=\"read-more\"><a class=\"btn btn-default\" href=\"https:\/\/www.canaljazz.com\/?p=654\">Lire la suite<span class=\"screen-reader-text\"> Lire la suite<\/span><\/a><\/p>\n","protected":false},"author":1,"featured_media":0,"comment_status":"closed","ping_status":"open","sticky":false,"template":"","format":"standard","meta":[],"categories":[4,24],"tags":[],"_links":{"self":[{"href":"https:\/\/www.canaljazz.com\/index.php?rest_route=\/wp\/v2\/posts\/654"}],"collection":[{"href":"https:\/\/www.canaljazz.com\/index.php?rest_route=\/wp\/v2\/posts"}],"about":[{"href":"https:\/\/www.canaljazz.com\/index.php?rest_route=\/wp\/v2\/types\/post"}],"author":[{"embeddable":true,"href":"https:\/\/www.canaljazz.com\/index.php?rest_route=\/wp\/v2\/users\/1"}],"replies":[{"embeddable":true,"href":"https:\/\/www.canaljazz.com\/index.php?rest_route=%2Fwp%2Fv2%2Fcomments&post=654"}],"version-history":[{"count":17,"href":"https:\/\/www.canaljazz.com\/index.php?rest_route=\/wp\/v2\/posts\/654\/revisions"}],"predecessor-version":[{"id":728,"href":"https:\/\/www.canaljazz.com\/index.php?rest_route=\/wp\/v2\/posts\/654\/revisions\/728"}],"wp:attachment":[{"href":"https:\/\/www.canaljazz.com\/index.php?rest_route=%2Fwp%2Fv2%2Fmedia&parent=654"}],"wp:term":[{"taxonomy":"category","embeddable":true,"href":"https:\/\/www.canaljazz.com\/index.php?rest_route=%2Fwp%2Fv2%2Fcategories&post=654"},{"taxonomy":"post_tag","embeddable":true,"href":"https:\/\/www.canaljazz.com\/index.php?rest_route=%2Fwp%2Fv2%2Ftags&post=654"}],"curies":[{"name":"wp","href":"https:\/\/api.w.org\/{rel}","templated":true}]}}