{"id":607,"date":"2020-02-26T08:07:05","date_gmt":"2020-02-26T07:07:05","guid":{"rendered":"http:\/\/www.canaljazz.com\/?p=607"},"modified":"2020-04-13T14:11:28","modified_gmt":"2020-04-13T13:11:28","slug":"samedi-4-avril-laura-perrudin-impressions-theatre-de-roanne","status":"publish","type":"post","link":"https:\/\/www.canaljazz.com\/?p=607","title":{"rendered":"Samedi 4 avril LAURA PERRUDIN \u00ab Impressions \u00bb Th\u00e9\u00e2tre de Roanne"},"content":{"rendered":"<p><span style=\"font-size: 18pt; background-color: #ffff00;\"><strong>Ce concert est report\u00e9 au <span id=\"OBJ_PREFIX_DWT50_com_zimbra_date\" class=\"Object\">samedi<\/span> 7 novembre.<\/strong><\/span><a href=\"http:\/\/www.canaljazz.com\/wp-content\/uploads\/2020\/02\/Laura-Perrudin-\u00a9-Re\u0301mi-Angeli1.jpg\"><img loading=\"lazy\" class=\"aligncenter size-full wp-image-608\" src=\"http:\/\/www.canaljazz.com\/wp-content\/uploads\/2020\/02\/Laura-Perrudin-\u00a9-Re\u0301mi-Angeli1.jpg\" alt=\"\" width=\"2500\" height=\"2500\" srcset=\"https:\/\/www.canaljazz.com\/wp-content\/uploads\/2020\/02\/Laura-Perrudin-\u00a9-Re\u0301mi-Angeli1.jpg 2500w, https:\/\/www.canaljazz.com\/wp-content\/uploads\/2020\/02\/Laura-Perrudin-\u00a9-Re\u0301mi-Angeli1-300x300.jpg 300w, https:\/\/www.canaljazz.com\/wp-content\/uploads\/2020\/02\/Laura-Perrudin-\u00a9-Re\u0301mi-Angeli1-1024x1024.jpg 1024w, https:\/\/www.canaljazz.com\/wp-content\/uploads\/2020\/02\/Laura-Perrudin-\u00a9-Re\u0301mi-Angeli1-150x150.jpg 150w, https:\/\/www.canaljazz.com\/wp-content\/uploads\/2020\/02\/Laura-Perrudin-\u00a9-Re\u0301mi-Angeli1-768x768.jpg 768w, https:\/\/www.canaljazz.com\/wp-content\/uploads\/2020\/02\/Laura-Perrudin-\u00a9-Re\u0301mi-Angeli1-1536x1536.jpg 1536w, https:\/\/www.canaljazz.com\/wp-content\/uploads\/2020\/02\/Laura-Perrudin-\u00a9-Re\u0301mi-Angeli1-2048x2048.jpg 2048w\" sizes=\"(max-width: 2500px) 100vw, 2500px\" \/><\/a>Samedi 4 avril, tarif 6 \u00e0 26 \u20ac<\/p>\n<p><strong>LAURA PERRUDIN \u00ab\u00a0Impressions\u00a0\u00bb<\/strong><\/p>\n<p>Le parcours de la jeune harpiste et chanteuse Rennaise est aussi hors du commun qu\u2019\u00e9clectique.<\/p>\n<p>Une enfance berc\u00e9e par le jazz, un double cursus en harpe celtique et harpe classique au Conservatoire, un grand app\u00e9tit pour la pop, l\u2019\u00e9lectro, la soul, le hip-hop et une curiosit\u00e9 infinie pour les nouvelles technologies.<\/p>\n<p>Dans ses propres perceptions proches de la synesth\u00e9sie, les sons sont couleurs et les compositions tableaux, un univers onirique et impressionniste, \u00e9crins d\u00e9licats pour la po\u00e9sie de William Shakespeare, Oscar Wilde, W.B. Yeats, Edgar Poe ou James Joyce.<\/p>\n<p>Laura Perrudin\u00a0:\u00a0 Chant, Harpe<\/p>\n<p><strong>En premi\u00e8re partie<\/strong>, un ensemble de Harpes du Conservatoire Roannais Agglom\u00e9ration, donnant suite \u00e0 une rencontre travail avec Laura Perrudin.<\/p>\n<p><a href=\"http:\/\/www.theatrederoanne.fr\/la-saison\/tous-les-spectacles-de-la-saison-705\/2020\/4\/4\/laura-perrudin-8091.html?cHash=4b8ce18ee1d3512297100876273e7b37\">Lien vers la plaquette du th\u00e9\u00e2tre<\/a><\/p>\n","protected":false},"excerpt":{"rendered":"<p>Ce concert est report\u00e9 au samedi 7 novembre.Samedi 4 avril, tarif 6 \u00e0 26 \u20ac LAURA PERRUDIN \u00ab\u00a0Impressions\u00a0\u00bb Le parcours de la jeune harpiste et chanteuse Rennaise est aussi hors du commun qu\u2019\u00e9clectique. Une enfance berc\u00e9e par le jazz, un double cursus en harpe celtique et harpe classique au Conservatoire, un grand app\u00e9tit pour la pop, l\u2019\u00e9lectro, la soul, le hip-hop et une curiosit\u00e9 infinie pour les nouvelles technologies. Dans ses propres perceptions proches de la synesth\u00e9sie, les sons sont&#8230;<\/p>\n<p class=\"read-more\"><a class=\"btn btn-default\" href=\"https:\/\/www.canaljazz.com\/?p=607\">Lire la suite<span class=\"screen-reader-text\"> Lire la suite<\/span><\/a><\/p>\n","protected":false},"author":1,"featured_media":0,"comment_status":"closed","ping_status":"open","sticky":false,"template":"","format":"standard","meta":[],"categories":[5],"tags":[],"_links":{"self":[{"href":"https:\/\/www.canaljazz.com\/index.php?rest_route=\/wp\/v2\/posts\/607"}],"collection":[{"href":"https:\/\/www.canaljazz.com\/index.php?rest_route=\/wp\/v2\/posts"}],"about":[{"href":"https:\/\/www.canaljazz.com\/index.php?rest_route=\/wp\/v2\/types\/post"}],"author":[{"embeddable":true,"href":"https:\/\/www.canaljazz.com\/index.php?rest_route=\/wp\/v2\/users\/1"}],"replies":[{"embeddable":true,"href":"https:\/\/www.canaljazz.com\/index.php?rest_route=%2Fwp%2Fv2%2Fcomments&post=607"}],"version-history":[{"count":3,"href":"https:\/\/www.canaljazz.com\/index.php?rest_route=\/wp\/v2\/posts\/607\/revisions"}],"predecessor-version":[{"id":619,"href":"https:\/\/www.canaljazz.com\/index.php?rest_route=\/wp\/v2\/posts\/607\/revisions\/619"}],"wp:attachment":[{"href":"https:\/\/www.canaljazz.com\/index.php?rest_route=%2Fwp%2Fv2%2Fmedia&parent=607"}],"wp:term":[{"taxonomy":"category","embeddable":true,"href":"https:\/\/www.canaljazz.com\/index.php?rest_route=%2Fwp%2Fv2%2Fcategories&post=607"},{"taxonomy":"post_tag","embeddable":true,"href":"https:\/\/www.canaljazz.com\/index.php?rest_route=%2Fwp%2Fv2%2Ftags&post=607"}],"curies":[{"name":"wp","href":"https:\/\/api.w.org\/{rel}","templated":true}]}}