{"id":604,"date":"2020-02-27T08:00:16","date_gmt":"2020-02-27T07:00:16","guid":{"rendered":"http:\/\/www.canaljazz.com\/?p=604"},"modified":"2020-04-13T14:11:51","modified_gmt":"2020-04-13T13:11:51","slug":"kairos-vendredi-3-avril-20h30-salle-pierre-henon-mably","status":"publish","type":"post","link":"https:\/\/www.canaljazz.com\/?p=604","title":{"rendered":"Ka\u00efros, vendredi 3 avril, 20h30, salle Pierre H\u00e9non , Mably"},"content":{"rendered":"<p><span style=\"font-size: 18pt; background-color: #ffff00;\"><strong>Ce concert est report\u00e9 au <span id=\"OBJ_PREFIX_DWT49_com_zimbra_date\" class=\"Object\">vendredi<\/span> 27 novembre.<\/strong><\/span><a href=\"http:\/\/www.canaljazz.com\/wp-content\/uploads\/2020\/02\/kairos-pic.jpg\"><img loading=\"lazy\" class=\"aligncenter size-full wp-image-605\" src=\"http:\/\/www.canaljazz.com\/wp-content\/uploads\/2020\/02\/kairos-pic.jpg\" alt=\"\" width=\"983\" height=\"314\" srcset=\"https:\/\/www.canaljazz.com\/wp-content\/uploads\/2020\/02\/kairos-pic.jpg 983w, https:\/\/www.canaljazz.com\/wp-content\/uploads\/2020\/02\/kairos-pic-300x96.jpg 300w, https:\/\/www.canaljazz.com\/wp-content\/uploads\/2020\/02\/kairos-pic-768x245.jpg 768w, https:\/\/www.canaljazz.com\/wp-content\/uploads\/2020\/02\/kairos-pic-500x160.jpg 500w\" sizes=\"(max-width: 983px) 100vw, 983px\" \/><\/a>Ka\u00efros, <span id=\"OBJ_PREFIX_DWT71_com_zimbra_date\" class=\"Object\">vendredi<\/span> 3 avril, 20h30, salle Pierre H\u00e9non , Mably, en partenariat avec la municipalit\u00e9 de Mably.<br \/>\ntarif : 12\u20ac\/7\u20ac R\u00e9servations : 04 77 44 80 97<\/p>\n<p>Cinq musiciens issus de g\u00e9n\u00e9rations et esth\u00e9tiques diff\u00e9rentes, \u00e0 la recherche d\u2019un nouveau terrain de <span id=\"OBJ_PREFIX_DWT72_com_zimbra_date\" class=\"Object\">jeu<\/span> musical.\u00a0<span id=\"OBJ_PREFIX_DWT73_com_zimbra_url\" class=\"Object\"><a href=\"https:\/\/www.facebook.com\/forestier.celia\" target=\"_blank\" rel=\"noopener noreferrer\">C\u00e9lia Forestier<\/a><\/span>\u00a0a imagin\u00e9\u00a0<span id=\"OBJ_PREFIX_DWT74_com_zimbra_url\" class=\"Object\"><a href=\"https:\/\/www.facebook.com\/Ka%C3%AFros-music-416275115533621\/\" target=\"_blank\" rel=\"noopener noreferrer\">Ka\u00efros \u2013 music<\/a><\/span>\u00a0comme une musique empreinte de libert\u00e9, de po\u00e9sie et install\u00e9e dans son temps.<br \/>\nIniti\u00e9 par sa rencontre avec le contrebassiste Vincent Girard et le guitariste Fran\u00e7ois Forestier, le projet emprunte ses sonorit\u00e9s au jazz, mais aussi \u00e0 la musique de chambre, la pop et la musique improvis\u00e9e.<br \/>\nRapidement, le groupe s\u2019enrichit par la pr\u00e9sence du batteur R\u00e9my Kaprielan et du violoncelliste Bruno Ducret, apportant au projet leur \u00e9nergie singuli\u00e8re.<\/p>\n<div>C\u00e9lia Forestier \u2013\u00a0voix<br \/>\nBruno Ducret \u2013\u00a0violoncelle<br \/>\nFran\u00e7ois Forestier \u2013\u00a0guitare<br \/>\nVincent Girard \u2013\u00a0contrebasse<br \/>\nRemy Kaprielan \u2013\u00a0batterie<\/div>\n","protected":false},"excerpt":{"rendered":"<p>Ce concert est report\u00e9 au vendredi 27 novembre.Ka\u00efros, vendredi 3 avril, 20h30, salle Pierre H\u00e9non , Mably, en partenariat avec la municipalit\u00e9 de Mably. tarif : 12\u20ac\/7\u20ac R\u00e9servations : 04 77 44 80 97 Cinq musiciens issus de g\u00e9n\u00e9rations et esth\u00e9tiques diff\u00e9rentes, \u00e0 la recherche d\u2019un nouveau terrain de jeu musical.\u00a0C\u00e9lia Forestier\u00a0a imagin\u00e9\u00a0Ka\u00efros \u2013 music\u00a0comme une musique empreinte de libert\u00e9, de po\u00e9sie et install\u00e9e dans son temps. Initi\u00e9 par sa rencontre avec le contrebassiste Vincent Girard et le guitariste Fran\u00e7ois&#8230;<\/p>\n<p class=\"read-more\"><a class=\"btn btn-default\" href=\"https:\/\/www.canaljazz.com\/?p=604\">Lire la suite<span class=\"screen-reader-text\"> Lire la suite<\/span><\/a><\/p>\n","protected":false},"author":1,"featured_media":0,"comment_status":"closed","ping_status":"open","sticky":false,"template":"","format":"standard","meta":[],"categories":[5],"tags":[],"_links":{"self":[{"href":"https:\/\/www.canaljazz.com\/index.php?rest_route=\/wp\/v2\/posts\/604"}],"collection":[{"href":"https:\/\/www.canaljazz.com\/index.php?rest_route=\/wp\/v2\/posts"}],"about":[{"href":"https:\/\/www.canaljazz.com\/index.php?rest_route=\/wp\/v2\/types\/post"}],"author":[{"embeddable":true,"href":"https:\/\/www.canaljazz.com\/index.php?rest_route=\/wp\/v2\/users\/1"}],"replies":[{"embeddable":true,"href":"https:\/\/www.canaljazz.com\/index.php?rest_route=%2Fwp%2Fv2%2Fcomments&post=604"}],"version-history":[{"count":4,"href":"https:\/\/www.canaljazz.com\/index.php?rest_route=\/wp\/v2\/posts\/604\/revisions"}],"predecessor-version":[{"id":620,"href":"https:\/\/www.canaljazz.com\/index.php?rest_route=\/wp\/v2\/posts\/604\/revisions\/620"}],"wp:attachment":[{"href":"https:\/\/www.canaljazz.com\/index.php?rest_route=%2Fwp%2Fv2%2Fmedia&parent=604"}],"wp:term":[{"taxonomy":"category","embeddable":true,"href":"https:\/\/www.canaljazz.com\/index.php?rest_route=%2Fwp%2Fv2%2Fcategories&post=604"},{"taxonomy":"post_tag","embeddable":true,"href":"https:\/\/www.canaljazz.com\/index.php?rest_route=%2Fwp%2Fv2%2Ftags&post=604"}],"curies":[{"name":"wp","href":"https:\/\/api.w.org\/{rel}","templated":true}]}}